{"id":704,"date":"2018-03-05T10:30:48","date_gmt":"2018-03-05T09:30:48","guid":{"rendered":"https:\/\/blog.bymatao.com\/?p=704"},"modified":"2019-03-04T18:14:12","modified_gmt":"2019-03-04T17:14:12","slug":"violet-couleur-2018","status":"publish","type":"post","link":"https:\/\/blog.bymatao.com\/index.php\/2018\/03\/05\/violet-couleur-2018\/","title":{"rendered":"Ultra Violet : la couleur de 2018"},"content":{"rendered":"<p><span style=\"color: #808080;\">Dans cet article nous vous pr\u00e9sentons la couleur de l&rsquo;ann\u00e9e: l&rsquo;<strong>Ultra violet<\/strong>. Il faut croire que cette couleur, s\u00e9lectionn\u00e9e par le <a href=\"https:\/\/store.pantone.com\/fr\/fr\/color-of-the-year-2018\" target=\"_blank\" rel=\"noopener\"><strong>Pantone Color Institue<\/strong><\/a> sera pr\u00e9sente partout en 2018! L&rsquo;ultra violet est une <strong>couleur unisexe<\/strong>, apaisante qui inspire le retour au calme. Elle sera donc parfaite pour une chambre. Malgr\u00e9 toutes les qualit\u00e9s de cette couleur, pas s\u00fbr que le <strong>total look violet<\/strong> plaise \u00e0 tout le monde. C&rsquo;est pourquoi by Matao vous propose quelques <strong>accessoires violets<\/strong> pour \u00eatre quand m\u00eame <strong>tendance en 2018<\/strong>, sans pour autant repeindre les murs!<br \/>\n<\/span><\/p>\n<p>&nbsp;<\/p>\n<h1 style=\"text-align: center;\"><span style=\"color: #ff6600;\">2018 en Ultra Violet<br \/>\n<\/span><\/h1>\n<p>&nbsp;<\/p>\n<p><span style=\"color: #808080;\">Dans la mode ou pour votre d\u00e9coration d&rsquo;int\u00e9rieur apporter quelques touches de violet, sera des plus juste cette ann\u00e9e. Le blog espagnol <a href=\"https:\/\/decoratrix.com\/ultra-violet-color-pantone-2018\" target=\"_blank\" rel=\"noopener\"><strong>Decoratrix<\/strong><\/a> a d\u00e9j\u00e0 pr\u00e9sent\u00e9 les tendances \u00e0 suivre et fait une s\u00e9lection d&rsquo;<strong>objets d\u00e9co violet pour 2018<\/strong>. Parmi eux notre fameux coussin naissance! Cela nous a \u00e9galement donn\u00e9 envie de vous faire un top 5 des <strong>cadeaux personnalis\u00e9s violet<\/strong> \u00e0 offrir ou \u00e0 adopter en 2018.<\/span><\/p>\n<p>&nbsp;<\/p>\n<h2><span style=\"color: #ff6600;\">1. Cabas violet<br \/>\n<\/span><\/h2>\n<p><a href=\"https:\/\/www.bymatao.com\/sacs-valises-femme\/11-cabas-de-plage.html\" target=\"_blank\" rel=\"noopener\"><img loading=\"lazy\" decoding=\"async\" class=\"alignleft size-medium wp-image-705\" src=\"https:\/\/blog.bymatao.com\/wp-content\/uploads\/2018\/02\/Cabas-byMatao-0006I-300x300.jpg\" alt=\"cabas de plage violet couleur 2018 personnalis\u00e9 by Matao\" width=\"300\" height=\"300\" srcset=\"https:\/\/blog.bymatao.com\/wp-content\/uploads\/2018\/02\/Cabas-byMatao-0006I-300x300.jpg 300w, https:\/\/blog.bymatao.com\/wp-content\/uploads\/2018\/02\/Cabas-byMatao-0006I-150x150.jpg 150w, https:\/\/blog.bymatao.com\/wp-content\/uploads\/2018\/02\/Cabas-byMatao-0006I-768x768.jpg 768w, https:\/\/blog.bymatao.com\/wp-content\/uploads\/2018\/02\/Cabas-byMatao-0006I.jpg 800w\" sizes=\"auto, (max-width: 300px) 100vw, 300px\" \/><\/a><\/p>\n<p>&nbsp;<\/p>\n<p><span style=\"color: #808080;\"><strong><a href=\"https:\/\/www.bymatao.com\/cadeau-personnalises-femme\/12-cabas-de-ville.html\" target=\"_blank\" rel=\"noopener\">Cabas de ville<\/a><\/strong> pour \u00eatre tendance au quotidien ou <a href=\"https:\/\/www.bymatao.com\/sacs-valises-femme\/11-cabas-de-plage.html\" target=\"_blank\" rel=\"noopener\">cabas de plage<\/a> pour une touche de violet pendant le vacances, la <strong>couleur de l&rsquo;ann\u00e9e<\/strong> s&rsquo;invite dans vos placards. Nos cabas se d\u00e9clinent en <strong>violet<\/strong> pour donner du pep&rsquo;s \u00e0 vos tenues. Autrefois r\u00e9serv\u00e9e \u00e0 l&rsquo;aristocratie, en <strong>2018 le violet<\/strong> se r\u00e9pend dans les garde-robes mais garde tout sont <strong>chic<\/strong>!<\/span><br \/>\n<span style=\"color: #808080;\">Personnalisez votre <strong>cabas violet<\/strong> en y inscrivant vos initiales, un mot ou un court message.<\/span><\/p>\n<p>&nbsp;<\/p>\n<p>&nbsp;<\/p>\n<h2><\/h2>\n<h2><span style=\"color: #ff6600;\">2. Coussin naissance violet<br \/>\n<\/span><\/h2>\n<p><a href=\"https:\/\/www.bymatao.com\/cadeaux-naissance-personnalises\/192-coussin-naissance.html\" target=\"_blank\" rel=\"noopener\"><img loading=\"lazy\" decoding=\"async\" class=\"alignleft size-medium wp-image-707\" src=\"https:\/\/blog.bymatao.com\/wp-content\/uploads\/2018\/02\/coussinvioletblanc-300x300.jpg\" alt=\"Coussin naissance personnalis\u00e9 violet by Matao\" width=\"300\" height=\"300\" srcset=\"https:\/\/blog.bymatao.com\/wp-content\/uploads\/2018\/02\/coussinvioletblanc-300x300.jpg 300w, https:\/\/blog.bymatao.com\/wp-content\/uploads\/2018\/02\/coussinvioletblanc-150x150.jpg 150w, https:\/\/blog.bymatao.com\/wp-content\/uploads\/2018\/02\/coussinvioletblanc-768x768.jpg 768w, https:\/\/blog.bymatao.com\/wp-content\/uploads\/2018\/02\/coussinvioletblanc-1024x1024.jpg 1024w\" sizes=\"auto, (max-width: 300px) 100vw, 300px\" \/><\/a><\/p>\n<p>&nbsp;<\/p>\n<p><span style=\"color: #808080;\">D\u00e9j\u00e0 s\u00e9lectionn\u00e9 par le <strong>blog D\u00e9coratrix<\/strong> nous ne pouvions pas faire un <strong>top violet<\/strong> sans notre <strong><a href=\"https:\/\/www.bymatao.com\/cadeaux-naissance-personnalises\/192-coussin-naissance.html\" target=\"_blank\" rel=\"noopener\">coussin naissance<\/a><\/strong>! En choisissant le <strong>violet<\/strong> dans votre combinaison de couleurs vous obtiendrez un <strong>cadeau de naissance tendance<\/strong> cette ann\u00e9e! En effet, les parents seront ravis d&rsquo;avoir une <strong>couleur tendance<\/strong> pour d\u00e9corer la chambre de b\u00e9b\u00e9. <\/span><br \/>\n<span style=\"color: #808080;\">Le <strong>coussin violet<\/strong> s&rsquo;associera tr\u00e8s bien avec l&rsquo;\u00e9criture de couleur blanche, rose p\u00e2le ou rose fluo pour une combinaison tr\u00e8s moderne.<\/span><\/p>\n<p>&nbsp;<\/p>\n<p>&nbsp;<\/p>\n<h2><\/h2>\n<h2><span style=\"color: #ff6600;\">3. Fouta violette<\/span><\/h2>\n<p><span style=\"color: #808080;\"><a href=\"https:\/\/www.bymatao.com\/la-salle-de-bain\/8-fouta.html\" target=\"_blank\" rel=\"noopener\"><img loading=\"lazy\" decoding=\"async\" class=\"alignleft size-medium wp-image-710\" src=\"https:\/\/blog.bymatao.com\/wp-content\/uploads\/2018\/02\/fouta-violet-bymatao-300x300.jpg\" alt=\"Fouta personnalis\u00e9e tendance violet 2018\" width=\"300\" height=\"300\" srcset=\"https:\/\/blog.bymatao.com\/wp-content\/uploads\/2018\/02\/fouta-violet-bymatao-300x300.jpg 300w, https:\/\/blog.bymatao.com\/wp-content\/uploads\/2018\/02\/fouta-violet-bymatao-150x150.jpg 150w, https:\/\/blog.bymatao.com\/wp-content\/uploads\/2018\/02\/fouta-violet-bymatao-768x768.jpg 768w, https:\/\/blog.bymatao.com\/wp-content\/uploads\/2018\/02\/fouta-violet-bymatao-1024x1024.jpg 1024w, https:\/\/blog.bymatao.com\/wp-content\/uploads\/2018\/02\/fouta-violet-bymatao.jpg 1723w\" sizes=\"auto, (max-width: 300px) 100vw, 300px\" \/><\/a><\/span><\/p>\n<p>&nbsp;<\/p>\n<p><span style=\"color: #808080;\">On ne vous la pr\u00e9sente plus tellement elle est pratique: notre <a href=\"https:\/\/www.bymatao.com\/la-salle-de-bain\/8-fouta.html\" target=\"_blank\" rel=\"noopener\"><strong>fouta personnalis\u00e9e<\/strong><\/a>! C&rsquo;est un <strong>must have<\/strong> que l&rsquo;on aime renouveler au fil du temps. Alors craquez pour la <strong>version violette<\/strong> de notre fouta et soyez <strong>tendance<\/strong> cet \u00e9t\u00e9!<\/span><br \/>\n<span style=\"color: #808080;\">La fouta mesure 1m par 2 et pourra donc servir de <strong>jet\u00e9e de lit<\/strong> pour mettre du <strong>violet dans votre int\u00e9rieur<\/strong> cette ann\u00e9e, sans tout changer.<\/span><\/p>\n<p>&nbsp;<\/p>\n<p>&nbsp;<\/p>\n<h2><\/h2>\n<h2><span style=\"color: #ff6600;\">4. Tablier de cuisine violet<\/span><\/h2>\n<p><a href=\"https:\/\/www.bymatao.com\/cadeaux-personnalises-homme\/5-tablier-de-cuisine-personnalise.html\" target=\"_blank\" rel=\"noopener\"><img loading=\"lazy\" decoding=\"async\" class=\"alignleft size-medium wp-image-709\" src=\"https:\/\/blog.bymatao.com\/wp-content\/uploads\/2018\/02\/tablier-violet-bymatao-300x300.jpg\" alt=\"tablier personnalis\u00e9 by Matao - violet couleur 2018\" width=\"300\" height=\"300\" srcset=\"https:\/\/blog.bymatao.com\/wp-content\/uploads\/2018\/02\/tablier-violet-bymatao-300x300.jpg 300w, https:\/\/blog.bymatao.com\/wp-content\/uploads\/2018\/02\/tablier-violet-bymatao-150x150.jpg 150w, https:\/\/blog.bymatao.com\/wp-content\/uploads\/2018\/02\/tablier-violet-bymatao.jpg 682w\" sizes=\"auto, (max-width: 300px) 100vw, 300px\" \/><\/a><\/p>\n<p>&nbsp;<\/p>\n<p><span style=\"color: #808080;\">En 2018, mise \u00e0 part la ferveur pour le <strong>violet<\/strong>, la tendance et au <strong>Slow living<\/strong>! Un mode de vie o\u00f9 on prend le temps d&rsquo;\u00eatre chez soi et passer des moments en famille. Alors pourquoi ne pas offrir un <a href=\"https:\/\/www.bymatao.com\/cadeaux-personnalises-homme\/5-tablier-de-cuisine-personnalise.html\" target=\"_blank\" rel=\"noopener\"><strong>tablier de cuisine violet<\/strong><\/a> (bien s\u00fbr!) \u00e0 votre cher et tendre. Partagez un moment \u00e0 deux ou avec les enfants, en cuisine! <strong>Personnalisez le tablier<\/strong> avec le message de votre choix et prenez le temps de pr\u00e9parer de bons petits plats ensemble!<\/span><\/p>\n<p>&nbsp;<\/p>\n<p>&nbsp;<\/p>\n<h2><\/h2>\n<h2><span style=\"color: #ff6600;\">5. Housses \u00e0 chaussures violettes<\/span><\/h2>\n<p><a href=\"https:\/\/www.bymatao.com\/cadeau-personnalises-femme\/93-paire-de-housse-a-chaussure-satin.html\" target=\"_blank\" rel=\"noopener\"><img loading=\"lazy\" decoding=\"async\" class=\"alignleft size-medium wp-image-711\" src=\"https:\/\/blog.bymatao.com\/wp-content\/uploads\/2018\/02\/Dec-byMatao-0023-300x300.jpg\" alt=\"paire de housse chaussures satin violettes by matao\" width=\"300\" height=\"300\" srcset=\"https:\/\/blog.bymatao.com\/wp-content\/uploads\/2018\/02\/Dec-byMatao-0023-300x300.jpg 300w, https:\/\/blog.bymatao.com\/wp-content\/uploads\/2018\/02\/Dec-byMatao-0023-150x150.jpg 150w, https:\/\/blog.bymatao.com\/wp-content\/uploads\/2018\/02\/Dec-byMatao-0023-768x768.jpg 768w, https:\/\/blog.bymatao.com\/wp-content\/uploads\/2018\/02\/Dec-byMatao-0023-1024x1024.jpg 1024w, https:\/\/blog.bymatao.com\/wp-content\/uploads\/2018\/02\/Dec-byMatao-0023.jpg 1726w\" sizes=\"auto, (max-width: 300px) 100vw, 300px\" \/><\/a><\/p>\n<p>&nbsp;<\/p>\n<p><span style=\"color: #808080;\">Chic et \u00e9l\u00e9gante, la <a href=\"https:\/\/www.bymatao.com\/cadeau-personnalises-femme\/93-paire-de-housse-a-chaussure-satin.html\" target=\"_blank\" rel=\"noopener\"><strong>paire de housse \u00e0 chaussures en satin violet<\/strong><\/a> est faite pour vous si vous voyagez cette ann\u00e9e. <strong>Accessoire indispensable<\/strong> pour organiser votre valise, les housses \u00e0 chaussures satin violettes se personnalisent en parme. Inscrivez-y vos initiales, votre pr\u00e9nom ou le nom d&rsquo;une <strong>destination pour 2018<\/strong>! <\/span><br \/>\n<span style=\"color: #808080;\">Si la paire de <strong>housses violettes<\/strong> n&rsquo;est pas pour vous elle fera un tr\u00e8s <strong>joli cadeau personnalis\u00e9<\/strong> pour l&rsquo;une de vos amies toujours en vadrouille!<\/span><\/p>\n<p>&nbsp;<\/p>\n<p>&nbsp;<\/p>\n<p>&nbsp;<\/p>\n<p><span style=\"color: #808080;\">Si vous aimez le violet, cette ann\u00e9e est donc faite pour vous! Alors pour aller plus loin nous vous pr\u00e9sentons un lieu de notre quartier dans ce th\u00e8me : la <a href=\"http:\/\/villaviolet.com\/\" target=\"_blank\" rel=\"noopener\"><strong>Villa Violet<\/strong><\/a>. Ce lieu de caract\u00e8re au c\u0153ur de Paris est un espace d\u00e9di\u00e9 au professionnel. A deux pas de notre boutique la Villa Violet accueillera vos r\u00e9unions de travail, conf\u00e9rences ou \u00e9v\u00e9nements de soci\u00e9t\u00e9 dans un <strong>cadre unique tout en violet<\/strong>.<\/span><\/p>\n<p><span style=\"color: #808080;\">Si cet article vous a plu vous aimerez s\u00fbrement aussi notre <\/span><span style=\"color: #808080;\"><a href=\"https:\/\/blog.bymatao.com\/index.php\/2017\/03\/17\/5-indispensables-pour-un-cadeau-de-naissance-personnalise\/\" target=\"_blank\" rel=\"noopener\">top 5 pour un cadeau de naissance personnalis\u00e9<\/a>!<\/span><\/p>\n","protected":false},"excerpt":{"rendered":"<p>Dans cet article nous vous pr\u00e9sentons la couleur de l&rsquo;ann\u00e9e: l&rsquo;Ultra violet. Il faut croire que cette couleur, s\u00e9lectionn\u00e9e par le Pantone Color Institue sera pr\u00e9sente partout en 2018! L&rsquo;ultra violet est une couleur unisexe, apaisante qui inspire le retour au calme. Elle sera donc parfaite pour une chambre. Malgr\u00e9 toutes les qualit\u00e9s de cette &#8230;<\/p>\n","protected":false},"author":2,"featured_media":720,"comment_status":"open","ping_status":"open","sticky":false,"template":"","format":"standard","meta":{"sfsi_plus_gutenberg_text_before_share":"","sfsi_plus_gutenberg_show_text_before_share":"","sfsi_plus_gutenberg_icon_type":"","sfsi_plus_gutenberg_icon_alignemt":"","sfsi_plus_gutenburg_max_per_row":"","_mi_skip_tracking":false,"footnotes":""},"categories":[16,6],"tags":[],"class_list":["post-704","post","type-post","status-publish","format-standard","has-post-thumbnail","hentry","category-actualites","category-inspiration"],"yoast_head":"<!-- This site is optimized with the Yoast SEO plugin v20.2.1 - https:\/\/yoast.com\/wordpress\/plugins\/seo\/ -->\n<title>Ultra Violet : la couleur de 2018 | By Matao, le blog<\/title>\n<meta name=\"description\" content=\"Le violet a \u00e9t\u00e9 nom\u00e9 couleur de l&#039;ann\u00e9e 2018! Pour l&#039;occasion by Matao vous propose un top 5 des cadeaux personnalis\u00e9s violet \u00e0 offrir.\" \/>\n<meta name=\"robots\" content=\"index, follow, max-snippet:-1, max-image-preview:large, max-video-preview:-1\" \/>\n<link rel=\"canonical\" href=\"https:\/\/blog.bymatao.com\/index.php\/2018\/03\/05\/violet-couleur-2018\/\" \/>\n<meta property=\"og:locale\" content=\"fr_FR\" \/>\n<meta property=\"og:type\" content=\"article\" \/>\n<meta property=\"og:title\" content=\"Ultra Violet : la couleur de 2018 | By Matao, le blog\" \/>\n<meta property=\"og:description\" content=\"Le violet a \u00e9t\u00e9 nom\u00e9 couleur de l&#039;ann\u00e9e 2018! Pour l&#039;occasion by Matao vous propose un top 5 des cadeaux personnalis\u00e9s violet \u00e0 offrir.\" \/>\n<meta property=\"og:url\" content=\"https:\/\/blog.bymatao.com\/index.php\/2018\/03\/05\/violet-couleur-2018\/\" \/>\n<meta property=\"og:site_name\" content=\"By Matao, le blog\" \/>\n<meta property=\"article:publisher\" content=\"https:\/\/www.facebook.com\/byMatao\/\" \/>\n<meta property=\"article:published_time\" content=\"2018-03-05T09:30:48+00:00\" \/>\n<meta property=\"article:modified_time\" content=\"2019-03-04T17:14:12+00:00\" \/>\n<meta property=\"og:image\" content=\"https:\/\/blog.bymatao.com\/wp-content\/uploads\/2018\/02\/selection-violet-couleur-2018.jpg\" \/>\n\t<meta property=\"og:image:width\" content=\"840\" \/>\n\t<meta property=\"og:image:height\" content=\"420\" \/>\n\t<meta property=\"og:image:type\" content=\"image\/jpeg\" \/>\n<meta name=\"author\" content=\"C\u00e9cile de by Matao\" \/>\n<meta name=\"twitter:card\" content=\"summary_large_image\" \/>\n<meta name=\"twitter:creator\" content=\"@byMatao\" \/>\n<meta name=\"twitter:site\" content=\"@byMatao\" \/>\n<meta name=\"twitter:label1\" content=\"\u00c9crit par\" \/>\n\t<meta name=\"twitter:data1\" content=\"C\u00e9cile de by Matao\" \/>\n\t<meta name=\"twitter:label2\" content=\"Dur\u00e9e de lecture estim\u00e9e\" \/>\n\t<meta name=\"twitter:data2\" content=\"3 minutes\" \/>\n<script type=\"application\/ld+json\" class=\"yoast-schema-graph\">{\"@context\":\"https:\/\/schema.org\",\"@graph\":[{\"@type\":\"WebPage\",\"@id\":\"https:\/\/blog.bymatao.com\/index.php\/2018\/03\/05\/violet-couleur-2018\/\",\"url\":\"https:\/\/blog.bymatao.com\/index.php\/2018\/03\/05\/violet-couleur-2018\/\",\"name\":\"Ultra Violet : la couleur de 2018 | By Matao, le blog\",\"isPartOf\":{\"@id\":\"https:\/\/blog.bymatao.com\/#website\"},\"datePublished\":\"2018-03-05T09:30:48+00:00\",\"dateModified\":\"2019-03-04T17:14:12+00:00\",\"author\":{\"@id\":\"https:\/\/blog.bymatao.com\/#\/schema\/person\/33134a6c9d4bcb57b3fcebf6fa52862a\"},\"description\":\"Le violet a \u00e9t\u00e9 nom\u00e9 couleur de l'ann\u00e9e 2018! Pour l'occasion by Matao vous propose un top 5 des cadeaux personnalis\u00e9s violet \u00e0 offrir.\",\"breadcrumb\":{\"@id\":\"https:\/\/blog.bymatao.com\/index.php\/2018\/03\/05\/violet-couleur-2018\/#breadcrumb\"},\"inLanguage\":\"fr-FR\",\"potentialAction\":[{\"@type\":\"ReadAction\",\"target\":[\"https:\/\/blog.bymatao.com\/index.php\/2018\/03\/05\/violet-couleur-2018\/\"]}]},{\"@type\":\"BreadcrumbList\",\"@id\":\"https:\/\/blog.bymatao.com\/index.php\/2018\/03\/05\/violet-couleur-2018\/#breadcrumb\",\"itemListElement\":[{\"@type\":\"ListItem\",\"position\":1,\"name\":\"Accueil\",\"item\":\"https:\/\/blog.bymatao.com\/\"},{\"@type\":\"ListItem\",\"position\":2,\"name\":\"Ultra Violet : la couleur de 2018\"}]},{\"@type\":\"WebSite\",\"@id\":\"https:\/\/blog.bymatao.com\/#website\",\"url\":\"https:\/\/blog.bymatao.com\/\",\"name\":\"By Matao, le blog\",\"description\":\"Atelier de personnaliation\",\"potentialAction\":[{\"@type\":\"SearchAction\",\"target\":{\"@type\":\"EntryPoint\",\"urlTemplate\":\"https:\/\/blog.bymatao.com\/?s={search_term_string}\"},\"query-input\":\"required name=search_term_string\"}],\"inLanguage\":\"fr-FR\"},{\"@type\":\"Person\",\"@id\":\"https:\/\/blog.bymatao.com\/#\/schema\/person\/33134a6c9d4bcb57b3fcebf6fa52862a\",\"name\":\"C\u00e9cile de by Matao\",\"image\":{\"@type\":\"ImageObject\",\"inLanguage\":\"fr-FR\",\"@id\":\"https:\/\/blog.bymatao.com\/#\/schema\/person\/image\/\",\"url\":\"https:\/\/secure.gravatar.com\/avatar\/524b2d53cd052ebd028259cc641ea6275c145fef27512125f59a5fb1304ba4ee?s=96&d=mm&r=g\",\"contentUrl\":\"https:\/\/secure.gravatar.com\/avatar\/524b2d53cd052ebd028259cc641ea6275c145fef27512125f59a5fb1304ba4ee?s=96&d=mm&r=g\",\"caption\":\"C\u00e9cile de by Matao\"},\"sameAs\":[\"http:\/\/bymatao.com\"],\"url\":\"https:\/\/blog.bymatao.com\/index.php\/author\/blog-bymatao\/\"}]}<\/script>\n<!-- \/ Yoast SEO plugin. -->","yoast_head_json":{"title":"Ultra Violet : la couleur de 2018 | By Matao, le blog","description":"Le violet a \u00e9t\u00e9 nom\u00e9 couleur de l'ann\u00e9e 2018! Pour l'occasion by Matao vous propose un top 5 des cadeaux personnalis\u00e9s violet \u00e0 offrir.","robots":{"index":"index","follow":"follow","max-snippet":"max-snippet:-1","max-image-preview":"max-image-preview:large","max-video-preview":"max-video-preview:-1"},"canonical":"https:\/\/blog.bymatao.com\/index.php\/2018\/03\/05\/violet-couleur-2018\/","og_locale":"fr_FR","og_type":"article","og_title":"Ultra Violet : la couleur de 2018 | By Matao, le blog","og_description":"Le violet a \u00e9t\u00e9 nom\u00e9 couleur de l'ann\u00e9e 2018! Pour l'occasion by Matao vous propose un top 5 des cadeaux personnalis\u00e9s violet \u00e0 offrir.","og_url":"https:\/\/blog.bymatao.com\/index.php\/2018\/03\/05\/violet-couleur-2018\/","og_site_name":"By Matao, le blog","article_publisher":"https:\/\/www.facebook.com\/byMatao\/","article_published_time":"2018-03-05T09:30:48+00:00","article_modified_time":"2019-03-04T17:14:12+00:00","og_image":[{"width":840,"height":420,"url":"https:\/\/blog.bymatao.com\/wp-content\/uploads\/2018\/02\/selection-violet-couleur-2018.jpg","type":"image\/jpeg"}],"author":"C\u00e9cile de by Matao","twitter_card":"summary_large_image","twitter_creator":"@byMatao","twitter_site":"@byMatao","twitter_misc":{"\u00c9crit par":"C\u00e9cile de by Matao","Dur\u00e9e de lecture estim\u00e9e":"3 minutes"},"schema":{"@context":"https:\/\/schema.org","@graph":[{"@type":"WebPage","@id":"https:\/\/blog.bymatao.com\/index.php\/2018\/03\/05\/violet-couleur-2018\/","url":"https:\/\/blog.bymatao.com\/index.php\/2018\/03\/05\/violet-couleur-2018\/","name":"Ultra Violet : la couleur de 2018 | By Matao, le blog","isPartOf":{"@id":"https:\/\/blog.bymatao.com\/#website"},"datePublished":"2018-03-05T09:30:48+00:00","dateModified":"2019-03-04T17:14:12+00:00","author":{"@id":"https:\/\/blog.bymatao.com\/#\/schema\/person\/33134a6c9d4bcb57b3fcebf6fa52862a"},"description":"Le violet a \u00e9t\u00e9 nom\u00e9 couleur de l'ann\u00e9e 2018! Pour l'occasion by Matao vous propose un top 5 des cadeaux personnalis\u00e9s violet \u00e0 offrir.","breadcrumb":{"@id":"https:\/\/blog.bymatao.com\/index.php\/2018\/03\/05\/violet-couleur-2018\/#breadcrumb"},"inLanguage":"fr-FR","potentialAction":[{"@type":"ReadAction","target":["https:\/\/blog.bymatao.com\/index.php\/2018\/03\/05\/violet-couleur-2018\/"]}]},{"@type":"BreadcrumbList","@id":"https:\/\/blog.bymatao.com\/index.php\/2018\/03\/05\/violet-couleur-2018\/#breadcrumb","itemListElement":[{"@type":"ListItem","position":1,"name":"Accueil","item":"https:\/\/blog.bymatao.com\/"},{"@type":"ListItem","position":2,"name":"Ultra Violet : la couleur de 2018"}]},{"@type":"WebSite","@id":"https:\/\/blog.bymatao.com\/#website","url":"https:\/\/blog.bymatao.com\/","name":"By Matao, le blog","description":"Atelier de personnaliation","potentialAction":[{"@type":"SearchAction","target":{"@type":"EntryPoint","urlTemplate":"https:\/\/blog.bymatao.com\/?s={search_term_string}"},"query-input":"required name=search_term_string"}],"inLanguage":"fr-FR"},{"@type":"Person","@id":"https:\/\/blog.bymatao.com\/#\/schema\/person\/33134a6c9d4bcb57b3fcebf6fa52862a","name":"C\u00e9cile de by Matao","image":{"@type":"ImageObject","inLanguage":"fr-FR","@id":"https:\/\/blog.bymatao.com\/#\/schema\/person\/image\/","url":"https:\/\/secure.gravatar.com\/avatar\/524b2d53cd052ebd028259cc641ea6275c145fef27512125f59a5fb1304ba4ee?s=96&d=mm&r=g","contentUrl":"https:\/\/secure.gravatar.com\/avatar\/524b2d53cd052ebd028259cc641ea6275c145fef27512125f59a5fb1304ba4ee?s=96&d=mm&r=g","caption":"C\u00e9cile de by Matao"},"sameAs":["http:\/\/bymatao.com"],"url":"https:\/\/blog.bymatao.com\/index.php\/author\/blog-bymatao\/"}]}},"_links":{"self":[{"href":"https:\/\/blog.bymatao.com\/index.php\/wp-json\/wp\/v2\/posts\/704","targetHints":{"allow":["GET"]}}],"collection":[{"href":"https:\/\/blog.bymatao.com\/index.php\/wp-json\/wp\/v2\/posts"}],"about":[{"href":"https:\/\/blog.bymatao.com\/index.php\/wp-json\/wp\/v2\/types\/post"}],"author":[{"embeddable":true,"href":"https:\/\/blog.bymatao.com\/index.php\/wp-json\/wp\/v2\/users\/2"}],"replies":[{"embeddable":true,"href":"https:\/\/blog.bymatao.com\/index.php\/wp-json\/wp\/v2\/comments?post=704"}],"version-history":[{"count":11,"href":"https:\/\/blog.bymatao.com\/index.php\/wp-json\/wp\/v2\/posts\/704\/revisions"}],"predecessor-version":[{"id":725,"href":"https:\/\/blog.bymatao.com\/index.php\/wp-json\/wp\/v2\/posts\/704\/revisions\/725"}],"wp:featuredmedia":[{"embeddable":true,"href":"https:\/\/blog.bymatao.com\/index.php\/wp-json\/wp\/v2\/media\/720"}],"wp:attachment":[{"href":"https:\/\/blog.bymatao.com\/index.php\/wp-json\/wp\/v2\/media?parent=704"}],"wp:term":[{"taxonomy":"category","embeddable":true,"href":"https:\/\/blog.bymatao.com\/index.php\/wp-json\/wp\/v2\/categories?post=704"},{"taxonomy":"post_tag","embeddable":true,"href":"https:\/\/blog.bymatao.com\/index.php\/wp-json\/wp\/v2\/tags?post=704"}],"curies":[{"name":"wp","href":"https:\/\/api.w.org\/{rel}","templated":true}]}}