{"id":542,"date":"2017-10-02T09:06:59","date_gmt":"2017-10-02T07:06:59","guid":{"rendered":"https:\/\/blog.bymatao.com\/?p=542"},"modified":"2017-10-02T13:55:34","modified_gmt":"2017-10-02T11:55:34","slug":"calendrier-doctobre-a-imprimer","status":"publish","type":"post","link":"https:\/\/blog.bymatao.com\/index.php\/2017\/10\/02\/calendrier-doctobre-a-imprimer\/","title":{"rendered":"Calendrier d&rsquo;octobre \u00e0 imprimer"},"content":{"rendered":"<p style=\"text-align: left;\"><span style=\"color: #808080;\">Le mois dernier nous vous proposions d&rsquo;<span style=\"color: #ff6600;\"><a href=\"https:\/\/blog.bymatao.com\/index.php\/2017\/09\/07\/printable-pour-la-rentree-de-septembre\/\">imprimer des \u00e9tiquettes<\/a><\/span> pour les cahiers de la rentr\u00e9e. Cette semaine c&rsquo;est un calendrier du mois d&rsquo;octobre qui est \u00e0 imprimer sur le blog. <\/span><\/p>\n<p>&nbsp;<\/p>\n<h6 style=\"text-align: center;\"><span style=\"color: #ff6600;\">CALENDRIER D&rsquo;OCTOBRE A IMPRIMER<\/span><\/h6>\n<p>&nbsp;<\/p>\n<p><img loading=\"lazy\" decoding=\"async\" class=\"aligncenter size-large wp-image-543\" src=\"https:\/\/blog.bymatao.com\/wp-content\/uploads\/2017\/09\/calendrier-a-imprimer-octobre-byMatao-1024x1024.jpg\" alt=\"calendrier d'octobre \u00e0 imprimer, motif feuilles d'automne\" width=\"640\" height=\"640\" srcset=\"https:\/\/blog.bymatao.com\/wp-content\/uploads\/2017\/09\/calendrier-a-imprimer-octobre-byMatao-1024x1024.jpg 1024w, https:\/\/blog.bymatao.com\/wp-content\/uploads\/2017\/09\/calendrier-a-imprimer-octobre-byMatao-150x150.jpg 150w, https:\/\/blog.bymatao.com\/wp-content\/uploads\/2017\/09\/calendrier-a-imprimer-octobre-byMatao-300x300.jpg 300w, https:\/\/blog.bymatao.com\/wp-content\/uploads\/2017\/09\/calendrier-a-imprimer-octobre-byMatao-768x768.jpg 768w, https:\/\/blog.bymatao.com\/wp-content\/uploads\/2017\/09\/calendrier-a-imprimer-octobre-byMatao.jpg 1772w\" sizes=\"auto, (max-width: 640px) 100vw, 640px\" \/><\/p>\n<p>&nbsp;<\/p>\n<p><span style=\"color: #808080;\">Les temp\u00e9ratures baissent et les couleurs changent, il sera bient\u00f4t temps de passer \u00e0 l&rsquo;heure d&rsquo;hiver! Et \u00e7a il ne faut pas l&rsquo;oublier! Pour cela rien de plus simple, notez-le sur votre\u00a0calendrier imprimable! Vous pourrez \u00e9galement y indiquer les vacances scolaires pour ne pas vous perdre dans les dates, ou les anniversaires \u00e0 venir.<\/span><\/p>\n<p><span style=\"color: #808080;\">Octobre c&rsquo;est le mois des premi\u00e8res vacances scolaires mais surtout le temps des feuilles qui tombent!\u00a0 Feuilles de ch\u00eanes, marrons et pommes de pins composeront surement la cueillette des prochaines balades en for\u00eats avec les enfants! L&rsquo;occasion pourquoi pas de constituer un herbier avec eux. Vous pourrez alors d\u00e9corer l&rsquo;herbier avec ce joli calendrier aux couleurs automnales.<br \/>\n<\/span><\/p>\n<h6 style=\"text-align: center;\"><img loading=\"lazy\" decoding=\"async\" class=\"aligncenter size-large wp-image-545\" src=\"https:\/\/blog.bymatao.com\/wp-content\/uploads\/2017\/09\/printable-calendrier-octobre-bymatao-1024x1024.jpg\" alt=\"calendrier illustr\u00e9 du mois d'octobre \u00e0 imprimer\" width=\"640\" height=\"640\" srcset=\"https:\/\/blog.bymatao.com\/wp-content\/uploads\/2017\/09\/printable-calendrier-octobre-bymatao-1024x1024.jpg 1024w, https:\/\/blog.bymatao.com\/wp-content\/uploads\/2017\/09\/printable-calendrier-octobre-bymatao-150x150.jpg 150w, https:\/\/blog.bymatao.com\/wp-content\/uploads\/2017\/09\/printable-calendrier-octobre-bymatao-300x300.jpg 300w, https:\/\/blog.bymatao.com\/wp-content\/uploads\/2017\/09\/printable-calendrier-octobre-bymatao-768x768.jpg 768w, https:\/\/blog.bymatao.com\/wp-content\/uploads\/2017\/09\/printable-calendrier-octobre-bymatao.jpg 1772w\" sizes=\"auto, (max-width: 640px) 100vw, 640px\" \/><br \/>\n<span style=\"color: #ff6600;\"><a href=\"https:\/\/blog.bymatao.com\/wp-content\/uploads\/2017\/09\/calendrier-octobre-2017-print-byMatao.pdf\" target=\"_blank\" rel=\"noopener\">Calendrier d&rsquo;octobre \u00e0 t\u00e9l\u00e9charger<\/a><\/span><\/h6>\n<p><span style=\"color: #808080;\">C&rsquo;est aussi l&rsquo;occasion pour nous de vous d\u00e9voilez nos nouvelles illustrations de saison. En effet vous pouvez d\u00e8s \u00e0 pr\u00e9sent retrouver ces motifs de feuillages sur nos <span style=\"color: #ff6600;\"><a href=\"https:\/\/www.bymatao.com\/bougies-personnalisees\/392-bougie-feuilles-d-automne.html\">bougies<\/a><\/span> ou encore sur nos <span style=\"color: #ff6600;\"><a href=\"https:\/\/www.bymatao.com\/maison\/391-savon-liquide-feuilles-automne.html\">savons personnalis\u00e9s.<\/a><\/span><\/span> <span style=\"color: #808080;\">Ces accessoires de d\u00e9co pour la maison donneront une touche automnale \u00e0 votre int\u00e9rieur, sans en faire trop. \u00c9patez vos convives en habillant votre table avec un bougie personnalis\u00e9e avec la date de votre prochain d\u00eener ou au nom de votre demeure par exemple. Les bougies personnalis\u00e9es seront \u00e9galement parfaites pour d\u00e9corer les tables lors d&rsquo;un \u00e9v\u00e8nement \u00e0 f\u00eater.<\/span><\/p>\n<p>&nbsp;<\/p>\n<p><a href=\"https:\/\/www.bymatao.com\/bougies-personnalisees\/392-bougie-feuilles-d-automne.html\" target=\"_blank\" rel=\"noopener\"><img loading=\"lazy\" decoding=\"async\" class=\"size-medium wp-image-549 alignleft\" src=\"https:\/\/blog.bymatao.com\/wp-content\/uploads\/2017\/09\/bougie-automne-2017-300x300.jpg\" alt=\"bougie personnalis\u00e9e feuille d'automne\" width=\"300\" height=\"300\" srcset=\"https:\/\/blog.bymatao.com\/wp-content\/uploads\/2017\/09\/bougie-automne-2017-300x300.jpg 300w, https:\/\/blog.bymatao.com\/wp-content\/uploads\/2017\/09\/bougie-automne-2017-150x150.jpg 150w, https:\/\/blog.bymatao.com\/wp-content\/uploads\/2017\/09\/bougie-automne-2017-768x768.jpg 768w, https:\/\/blog.bymatao.com\/wp-content\/uploads\/2017\/09\/bougie-automne-2017.jpg 800w\" sizes=\"auto, (max-width: 300px) 100vw, 300px\" \/><\/a><\/p>\n<p><a href=\"https:\/\/www.bymatao.com\/maison\/391-savon-liquide-feuilles-automne.html\" target=\"_blank\" rel=\"noopener\"><img loading=\"lazy\" decoding=\"async\" class=\"size-medium wp-image-558 alignnone\" src=\"https:\/\/blog.bymatao.com\/wp-content\/uploads\/2017\/09\/savon-personnalise\u0301-byMatao-automne-blog-300x300.jpg\" alt=\"savon liquide personnalis\u00e9 fauille d'atutomne by Matao\" width=\"300\" height=\"300\" srcset=\"https:\/\/blog.bymatao.com\/wp-content\/uploads\/2017\/09\/savon-personnalise\u0301-byMatao-automne-blog-300x300.jpg 300w, https:\/\/blog.bymatao.com\/wp-content\/uploads\/2017\/09\/savon-personnalise\u0301-byMatao-automne-blog-150x150.jpg 150w, https:\/\/blog.bymatao.com\/wp-content\/uploads\/2017\/09\/savon-personnalise\u0301-byMatao-automne-blog-768x768.jpg 768w, https:\/\/blog.bymatao.com\/wp-content\/uploads\/2017\/09\/savon-personnalise\u0301-byMatao-automne-blog.jpg 800w\" sizes=\"auto, (max-width: 300px) 100vw, 300px\" \/><\/a><\/p>\n","protected":false},"excerpt":{"rendered":"<p>Le mois dernier nous vous proposions d&rsquo;imprimer des \u00e9tiquettes pour les cahiers de la rentr\u00e9e. Cette semaine c&rsquo;est un calendrier du mois d&rsquo;octobre qui est \u00e0 imprimer sur le blog. &nbsp; CALENDRIER D&rsquo;OCTOBRE A IMPRIMER &nbsp; &nbsp; Les temp\u00e9ratures baissent et les couleurs changent, il sera bient\u00f4t temps de passer \u00e0 l&rsquo;heure d&rsquo;hiver! Et \u00e7a &#8230;<\/p>\n","protected":false},"author":2,"featured_media":564,"comment_status":"open","ping_status":"open","sticky":false,"template":"","format":"standard","meta":{"sfsi_plus_gutenberg_text_before_share":"","sfsi_plus_gutenberg_show_text_before_share":"","sfsi_plus_gutenberg_icon_type":"","sfsi_plus_gutenberg_icon_alignemt":"","sfsi_plus_gutenburg_max_per_row":"","_mi_skip_tracking":false,"footnotes":""},"categories":[16,14],"tags":[],"class_list":["post-542","post","type-post","status-publish","format-standard","has-post-thumbnail","hentry","category-actualites","category-printable"],"yoast_head":"<!-- This site is optimized with the Yoast SEO plugin v20.2.1 - https:\/\/yoast.com\/wordpress\/plugins\/seo\/ -->\n<title>Calendrier d&#039;octobre \u00e0 imprimer | By Matao, le blog<\/title>\n<meta name=\"description\" content=\"N&#039;oubliez ni les vacances scolaires ni le changements d&#039;heure gr\u00e2ce \u00e0 ce petit calendrier d&#039;octobre \u00e0 imprimer qui vous permettra de tout noter.\" \/>\n<meta name=\"robots\" content=\"index, follow, max-snippet:-1, max-image-preview:large, max-video-preview:-1\" \/>\n<link rel=\"canonical\" href=\"https:\/\/blog.bymatao.com\/index.php\/2017\/10\/02\/calendrier-doctobre-a-imprimer\/\" \/>\n<meta property=\"og:locale\" content=\"fr_FR\" \/>\n<meta property=\"og:type\" content=\"article\" \/>\n<meta property=\"og:title\" content=\"Calendrier d&#039;octobre \u00e0 imprimer | By Matao, le blog\" \/>\n<meta property=\"og:description\" content=\"N&#039;oubliez ni les vacances scolaires ni le changements d&#039;heure gr\u00e2ce \u00e0 ce petit calendrier d&#039;octobre \u00e0 imprimer qui vous permettra de tout noter.\" \/>\n<meta property=\"og:url\" content=\"https:\/\/blog.bymatao.com\/index.php\/2017\/10\/02\/calendrier-doctobre-a-imprimer\/\" \/>\n<meta property=\"og:site_name\" content=\"By Matao, le blog\" \/>\n<meta property=\"article:publisher\" content=\"https:\/\/www.facebook.com\/byMatao\/\" \/>\n<meta property=\"article:published_time\" content=\"2017-10-02T07:06:59+00:00\" \/>\n<meta property=\"article:modified_time\" content=\"2017-10-02T11:55:34+00:00\" \/>\n<meta property=\"og:image\" content=\"https:\/\/blog.bymatao.com\/wp-content\/uploads\/2017\/10\/automne-calendrier-imprimable-byMatao.jpg\" \/>\n\t<meta property=\"og:image:width\" content=\"840\" \/>\n\t<meta property=\"og:image:height\" content=\"420\" \/>\n\t<meta property=\"og:image:type\" content=\"image\/jpeg\" \/>\n<meta name=\"author\" content=\"C\u00e9cile de by Matao\" \/>\n<meta name=\"twitter:card\" content=\"summary_large_image\" \/>\n<meta name=\"twitter:creator\" content=\"@byMatao\" \/>\n<meta name=\"twitter:site\" content=\"@byMatao\" \/>\n<meta name=\"twitter:label1\" content=\"\u00c9crit par\" \/>\n\t<meta name=\"twitter:data1\" content=\"C\u00e9cile de by Matao\" \/>\n\t<meta name=\"twitter:label2\" content=\"Dur\u00e9e de lecture estim\u00e9e\" \/>\n\t<meta name=\"twitter:data2\" content=\"1 minute\" \/>\n<script type=\"application\/ld+json\" class=\"yoast-schema-graph\">{\"@context\":\"https:\/\/schema.org\",\"@graph\":[{\"@type\":\"WebPage\",\"@id\":\"https:\/\/blog.bymatao.com\/index.php\/2017\/10\/02\/calendrier-doctobre-a-imprimer\/\",\"url\":\"https:\/\/blog.bymatao.com\/index.php\/2017\/10\/02\/calendrier-doctobre-a-imprimer\/\",\"name\":\"Calendrier d'octobre \u00e0 imprimer | By Matao, le blog\",\"isPartOf\":{\"@id\":\"https:\/\/blog.bymatao.com\/#website\"},\"datePublished\":\"2017-10-02T07:06:59+00:00\",\"dateModified\":\"2017-10-02T11:55:34+00:00\",\"author\":{\"@id\":\"https:\/\/blog.bymatao.com\/#\/schema\/person\/33134a6c9d4bcb57b3fcebf6fa52862a\"},\"description\":\"N'oubliez ni les vacances scolaires ni le changements d'heure gr\u00e2ce \u00e0 ce petit calendrier d'octobre \u00e0 imprimer qui vous permettra de tout noter.\",\"breadcrumb\":{\"@id\":\"https:\/\/blog.bymatao.com\/index.php\/2017\/10\/02\/calendrier-doctobre-a-imprimer\/#breadcrumb\"},\"inLanguage\":\"fr-FR\",\"potentialAction\":[{\"@type\":\"ReadAction\",\"target\":[\"https:\/\/blog.bymatao.com\/index.php\/2017\/10\/02\/calendrier-doctobre-a-imprimer\/\"]}]},{\"@type\":\"BreadcrumbList\",\"@id\":\"https:\/\/blog.bymatao.com\/index.php\/2017\/10\/02\/calendrier-doctobre-a-imprimer\/#breadcrumb\",\"itemListElement\":[{\"@type\":\"ListItem\",\"position\":1,\"name\":\"Accueil\",\"item\":\"https:\/\/blog.bymatao.com\/\"},{\"@type\":\"ListItem\",\"position\":2,\"name\":\"Calendrier d&rsquo;octobre \u00e0 imprimer\"}]},{\"@type\":\"WebSite\",\"@id\":\"https:\/\/blog.bymatao.com\/#website\",\"url\":\"https:\/\/blog.bymatao.com\/\",\"name\":\"By Matao, le blog\",\"description\":\"Atelier de personnaliation\",\"potentialAction\":[{\"@type\":\"SearchAction\",\"target\":{\"@type\":\"EntryPoint\",\"urlTemplate\":\"https:\/\/blog.bymatao.com\/?s={search_term_string}\"},\"query-input\":\"required name=search_term_string\"}],\"inLanguage\":\"fr-FR\"},{\"@type\":\"Person\",\"@id\":\"https:\/\/blog.bymatao.com\/#\/schema\/person\/33134a6c9d4bcb57b3fcebf6fa52862a\",\"name\":\"C\u00e9cile de by Matao\",\"image\":{\"@type\":\"ImageObject\",\"inLanguage\":\"fr-FR\",\"@id\":\"https:\/\/blog.bymatao.com\/#\/schema\/person\/image\/\",\"url\":\"https:\/\/secure.gravatar.com\/avatar\/524b2d53cd052ebd028259cc641ea6275c145fef27512125f59a5fb1304ba4ee?s=96&d=mm&r=g\",\"contentUrl\":\"https:\/\/secure.gravatar.com\/avatar\/524b2d53cd052ebd028259cc641ea6275c145fef27512125f59a5fb1304ba4ee?s=96&d=mm&r=g\",\"caption\":\"C\u00e9cile de by Matao\"},\"sameAs\":[\"http:\/\/bymatao.com\"],\"url\":\"https:\/\/blog.bymatao.com\/index.php\/author\/blog-bymatao\/\"}]}<\/script>\n<!-- \/ Yoast SEO plugin. -->","yoast_head_json":{"title":"Calendrier d'octobre \u00e0 imprimer | By Matao, le blog","description":"N'oubliez ni les vacances scolaires ni le changements d'heure gr\u00e2ce \u00e0 ce petit calendrier d'octobre \u00e0 imprimer qui vous permettra de tout noter.","robots":{"index":"index","follow":"follow","max-snippet":"max-snippet:-1","max-image-preview":"max-image-preview:large","max-video-preview":"max-video-preview:-1"},"canonical":"https:\/\/blog.bymatao.com\/index.php\/2017\/10\/02\/calendrier-doctobre-a-imprimer\/","og_locale":"fr_FR","og_type":"article","og_title":"Calendrier d'octobre \u00e0 imprimer | By Matao, le blog","og_description":"N'oubliez ni les vacances scolaires ni le changements d'heure gr\u00e2ce \u00e0 ce petit calendrier d'octobre \u00e0 imprimer qui vous permettra de tout noter.","og_url":"https:\/\/blog.bymatao.com\/index.php\/2017\/10\/02\/calendrier-doctobre-a-imprimer\/","og_site_name":"By Matao, le blog","article_publisher":"https:\/\/www.facebook.com\/byMatao\/","article_published_time":"2017-10-02T07:06:59+00:00","article_modified_time":"2017-10-02T11:55:34+00:00","og_image":[{"width":840,"height":420,"url":"https:\/\/blog.bymatao.com\/wp-content\/uploads\/2017\/10\/automne-calendrier-imprimable-byMatao.jpg","type":"image\/jpeg"}],"author":"C\u00e9cile de by Matao","twitter_card":"summary_large_image","twitter_creator":"@byMatao","twitter_site":"@byMatao","twitter_misc":{"\u00c9crit par":"C\u00e9cile de by Matao","Dur\u00e9e de lecture estim\u00e9e":"1 minute"},"schema":{"@context":"https:\/\/schema.org","@graph":[{"@type":"WebPage","@id":"https:\/\/blog.bymatao.com\/index.php\/2017\/10\/02\/calendrier-doctobre-a-imprimer\/","url":"https:\/\/blog.bymatao.com\/index.php\/2017\/10\/02\/calendrier-doctobre-a-imprimer\/","name":"Calendrier d'octobre \u00e0 imprimer | By Matao, le blog","isPartOf":{"@id":"https:\/\/blog.bymatao.com\/#website"},"datePublished":"2017-10-02T07:06:59+00:00","dateModified":"2017-10-02T11:55:34+00:00","author":{"@id":"https:\/\/blog.bymatao.com\/#\/schema\/person\/33134a6c9d4bcb57b3fcebf6fa52862a"},"description":"N'oubliez ni les vacances scolaires ni le changements d'heure gr\u00e2ce \u00e0 ce petit calendrier d'octobre \u00e0 imprimer qui vous permettra de tout noter.","breadcrumb":{"@id":"https:\/\/blog.bymatao.com\/index.php\/2017\/10\/02\/calendrier-doctobre-a-imprimer\/#breadcrumb"},"inLanguage":"fr-FR","potentialAction":[{"@type":"ReadAction","target":["https:\/\/blog.bymatao.com\/index.php\/2017\/10\/02\/calendrier-doctobre-a-imprimer\/"]}]},{"@type":"BreadcrumbList","@id":"https:\/\/blog.bymatao.com\/index.php\/2017\/10\/02\/calendrier-doctobre-a-imprimer\/#breadcrumb","itemListElement":[{"@type":"ListItem","position":1,"name":"Accueil","item":"https:\/\/blog.bymatao.com\/"},{"@type":"ListItem","position":2,"name":"Calendrier d&rsquo;octobre \u00e0 imprimer"}]},{"@type":"WebSite","@id":"https:\/\/blog.bymatao.com\/#website","url":"https:\/\/blog.bymatao.com\/","name":"By Matao, le blog","description":"Atelier de personnaliation","potentialAction":[{"@type":"SearchAction","target":{"@type":"EntryPoint","urlTemplate":"https:\/\/blog.bymatao.com\/?s={search_term_string}"},"query-input":"required name=search_term_string"}],"inLanguage":"fr-FR"},{"@type":"Person","@id":"https:\/\/blog.bymatao.com\/#\/schema\/person\/33134a6c9d4bcb57b3fcebf6fa52862a","name":"C\u00e9cile de by Matao","image":{"@type":"ImageObject","inLanguage":"fr-FR","@id":"https:\/\/blog.bymatao.com\/#\/schema\/person\/image\/","url":"https:\/\/secure.gravatar.com\/avatar\/524b2d53cd052ebd028259cc641ea6275c145fef27512125f59a5fb1304ba4ee?s=96&d=mm&r=g","contentUrl":"https:\/\/secure.gravatar.com\/avatar\/524b2d53cd052ebd028259cc641ea6275c145fef27512125f59a5fb1304ba4ee?s=96&d=mm&r=g","caption":"C\u00e9cile de by Matao"},"sameAs":["http:\/\/bymatao.com"],"url":"https:\/\/blog.bymatao.com\/index.php\/author\/blog-bymatao\/"}]}},"_links":{"self":[{"href":"https:\/\/blog.bymatao.com\/index.php\/wp-json\/wp\/v2\/posts\/542","targetHints":{"allow":["GET"]}}],"collection":[{"href":"https:\/\/blog.bymatao.com\/index.php\/wp-json\/wp\/v2\/posts"}],"about":[{"href":"https:\/\/blog.bymatao.com\/index.php\/wp-json\/wp\/v2\/types\/post"}],"author":[{"embeddable":true,"href":"https:\/\/blog.bymatao.com\/index.php\/wp-json\/wp\/v2\/users\/2"}],"replies":[{"embeddable":true,"href":"https:\/\/blog.bymatao.com\/index.php\/wp-json\/wp\/v2\/comments?post=542"}],"version-history":[{"count":11,"href":"https:\/\/blog.bymatao.com\/index.php\/wp-json\/wp\/v2\/posts\/542\/revisions"}],"predecessor-version":[{"id":561,"href":"https:\/\/blog.bymatao.com\/index.php\/wp-json\/wp\/v2\/posts\/542\/revisions\/561"}],"wp:featuredmedia":[{"embeddable":true,"href":"https:\/\/blog.bymatao.com\/index.php\/wp-json\/wp\/v2\/media\/564"}],"wp:attachment":[{"href":"https:\/\/blog.bymatao.com\/index.php\/wp-json\/wp\/v2\/media?parent=542"}],"wp:term":[{"taxonomy":"category","embeddable":true,"href":"https:\/\/blog.bymatao.com\/index.php\/wp-json\/wp\/v2\/categories?post=542"},{"taxonomy":"post_tag","embeddable":true,"href":"https:\/\/blog.bymatao.com\/index.php\/wp-json\/wp\/v2\/tags?post=542"}],"curies":[{"name":"wp","href":"https:\/\/api.w.org\/{rel}","templated":true}]}}